{"id":1001,"date":"2025-05-08T01:31:18","date_gmt":"2025-05-08T01:31:18","guid":{"rendered":"https:\/\/swisschamcol.com\/?p=1001"},"modified":"2025-05-10T20:46:33","modified_gmt":"2025-05-10T20:46:33","slug":"celebracion-de-los-50-anos-de-swisscham-colombia","status":"publish","type":"post","link":"https:\/\/swisschamcol.com\/celebracion-de-los-50-anos-de-swisscham-colombia\/","title":{"rendered":"Celebraci\u00f3n de los 50 a\u00f1os"},"content":{"rendered":"\t\t<div data-elementor-type=\"wp-post\" data-elementor-id=\"1001\" class=\"elementor elementor-1001\" data-elementor-post-type=\"post\">\n\t\t\t\t<div class=\"elementor-element elementor-element-ba9b06c e-flex e-con-boxed e-con e-parent\" data-id=\"ba9b06c\" data-element_type=\"container\" data-e-type=\"container\">\n\t\t\t\t\t<div class=\"e-con-inner\">\n\t\t\t\t<div class=\"elementor-element elementor-element-c260412 elementor-widget elementor-widget-image\" data-id=\"c260412\" data-element_type=\"widget\" data-e-type=\"widget\" data-widget_type=\"image.default\">\n\t\t\t\t<div class=\"elementor-widget-container\">\n\t\t\t\t\t\t\t\t\t\t\t\t\t\t\t<img fetchpriority=\"high\" decoding=\"async\" width=\"920\" height=\"518\" src=\"https:\/\/swisschamcol.com\/wp-content\/uploads\/2025\/05\/BACK-COVER-Celebracion-SwissCham-COlombia.jpg\" class=\"attachment-full size-full wp-image-1002\" alt=\"\" srcset=\"https:\/\/swisschamcol.com\/wp-content\/uploads\/2025\/05\/BACK-COVER-Celebracion-SwissCham-COlombia.jpg 920w, https:\/\/swisschamcol.com\/wp-content\/uploads\/2025\/05\/BACK-COVER-Celebracion-SwissCham-COlombia-300x169.jpg 300w, https:\/\/swisschamcol.com\/wp-content\/uploads\/2025\/05\/BACK-COVER-Celebracion-SwissCham-COlombia-768x432.jpg 768w\" sizes=\"(max-width: 920px) 100vw, 920px\" \/>\t\t\t\t\t\t\t\t\t\t\t\t\t\t\t<\/div>\n\t\t\t\t<\/div>\n\t\t\t\t\t<\/div>\n\t\t\t\t<\/div>\n\t\t<div class=\"elementor-element elementor-element-17b5f94b e-flex e-con-boxed e-con e-parent\" data-id=\"17b5f94b\" data-element_type=\"container\" data-e-type=\"container\">\n\t\t\t\t\t<div class=\"e-con-inner\">\n\t\t<div class=\"elementor-element elementor-element-560253a4 e-con-full e-flex e-con e-child\" data-id=\"560253a4\" data-element_type=\"container\" data-e-type=\"container\">\n\t\t\t\t<div class=\"elementor-element elementor-element-679bb0cb elementor-widget elementor-widget-heading\" data-id=\"679bb0cb\" data-element_type=\"widget\" data-e-type=\"widget\" data-widget_type=\"heading.default\">\n\t\t\t\t<div class=\"elementor-widget-container\">\n\t\t\t\t\t<h1 class=\"elementor-heading-title elementor-size-default\">Celebraci\u00f3n de los 50 a\u00f1os de SwissCham Colombia: un legado de cooperaci\u00f3n y crecimiento<\/h1>\t\t\t\t<\/div>\n\t\t\t\t<\/div>\n\t\t\t\t<div class=\"elementor-element elementor-element-2945523d elementor-widget elementor-widget-text-editor\" data-id=\"2945523d\" data-element_type=\"widget\" data-e-type=\"widget\" data-widget_type=\"text-editor.default\">\n\t\t\t\t<div class=\"elementor-widget-container\">\n\t\t\t\t\t\t\t\t\t<p>El pasado 26 de febrero, la residencia de Suiza en Colombia fue el escenario de una noche inolvidable, en el marco de la celebraci\u00f3n del 50\u00b0 aniversario de SwissCham Colombia. Durante cinco d\u00e9cadas, la C\u00e1mara ha sido un pilar fundamental en el fortalecimiento de las relaciones comerciales y empresariales entre Suiza y Colombia, fomentando la confianza, el crecimiento y la creaci\u00f3n de nuevas oportunidades de negocio.<\/p>\t\t\t\t\t\t\t\t<\/div>\n\t\t\t\t<\/div>\n\t\t\t\t<div class=\"elementor-element elementor-element-11873d8 elementor-arrows-position-inside elementor-widget elementor-widget-image-carousel\" data-id=\"11873d8\" data-element_type=\"widget\" data-e-type=\"widget\" data-settings=\"{&quot;slides_to_show&quot;:&quot;2&quot;,&quot;slides_to_scroll&quot;:&quot;1&quot;,&quot;navigation&quot;:&quot;arrows&quot;,&quot;autoplay&quot;:&quot;yes&quot;,&quot;pause_on_hover&quot;:&quot;yes&quot;,&quot;pause_on_interaction&quot;:&quot;yes&quot;,&quot;autoplay_speed&quot;:5000,&quot;infinite&quot;:&quot;yes&quot;,&quot;speed&quot;:500,&quot;image_spacing_custom&quot;:{&quot;unit&quot;:&quot;px&quot;,&quot;size&quot;:20,&quot;sizes&quot;:[]},&quot;image_spacing_custom_tablet&quot;:{&quot;unit&quot;:&quot;px&quot;,&quot;size&quot;:&quot;&quot;,&quot;sizes&quot;:[]},&quot;image_spacing_custom_mobile&quot;:{&quot;unit&quot;:&quot;px&quot;,&quot;size&quot;:&quot;&quot;,&quot;sizes&quot;:[]}}\" data-widget_type=\"image-carousel.default\">\n\t\t\t\t<div class=\"elementor-widget-container\">\n\t\t\t\t\t\t\t<div class=\"elementor-image-carousel-wrapper swiper\" role=\"region\" aria-roledescription=\"carousel\" aria-label=\"Carrusel de im\u00e1genes\" dir=\"ltr\">\n\t\t\t<div class=\"elementor-image-carousel swiper-wrapper\" aria-live=\"off\">\n\t\t\t\t\t\t\t\t<div class=\"swiper-slide\" role=\"group\" aria-roledescription=\"slide\" aria-label=\"1 of 3\"><figure class=\"swiper-slide-inner\"><img decoding=\"async\" class=\"swiper-slide-image\" src=\"https:\/\/swisschamcol.com\/wp-content\/uploads\/2025\/05\/BACK-COVER-Celebracion-SwissCham-COlombia-C.jpg\" alt=\"BACK-COVER-Celebracion-SwissCham-COlombia-C\" \/><\/figure><\/div><div class=\"swiper-slide\" role=\"group\" aria-roledescription=\"slide\" aria-label=\"2 of 3\"><figure class=\"swiper-slide-inner\"><img decoding=\"async\" class=\"swiper-slide-image\" src=\"https:\/\/swisschamcol.com\/wp-content\/uploads\/2025\/05\/BACK-COVER-Celebracion-SwissCham-COlombia-B.jpg\" alt=\"BACK-COVER-Celebracion-SwissCham-COlombia-B\" \/><\/figure><\/div><div class=\"swiper-slide\" role=\"group\" aria-roledescription=\"slide\" aria-label=\"3 of 3\"><figure class=\"swiper-slide-inner\"><img decoding=\"async\" class=\"swiper-slide-image\" src=\"https:\/\/swisschamcol.com\/wp-content\/uploads\/2025\/05\/BACK-COVER-Celebracion-SwissCham-COlombia-A.jpg\" alt=\"BACK-COVER-Celebracion-SwissCham-COlombia-A\" \/><\/figure><\/div>\t\t\t<\/div>\n\t\t\t\t\t\t\t\t\t\t\t\t<div class=\"elementor-swiper-button elementor-swiper-button-prev\" role=\"button\" tabindex=\"0\">\n\t\t\t\t\t\t<svg aria-hidden=\"true\" class=\"e-font-icon-svg e-eicon-chevron-left\" viewBox=\"0 0 1000 1000\" xmlns=\"http:\/\/www.w3.org\/2000\/svg\"><path d=\"M646 125C629 125 613 133 604 142L308 442C296 454 292 471 292 487 292 504 296 521 308 533L604 854C617 867 629 875 646 875 663 875 679 871 692 858 704 846 713 829 713 812 713 796 708 779 692 767L438 487 692 225C700 217 708 204 708 187 708 171 704 154 692 142 675 129 663 125 646 125Z\"><\/path><\/svg>\t\t\t\t\t<\/div>\n\t\t\t\t\t<div class=\"elementor-swiper-button elementor-swiper-button-next\" role=\"button\" tabindex=\"0\">\n\t\t\t\t\t\t<svg aria-hidden=\"true\" class=\"e-font-icon-svg e-eicon-chevron-right\" viewBox=\"0 0 1000 1000\" xmlns=\"http:\/\/www.w3.org\/2000\/svg\"><path d=\"M696 533C708 521 713 504 713 487 713 471 708 454 696 446L400 146C388 133 375 125 354 125 338 125 325 129 313 142 300 154 292 171 292 187 292 204 296 221 308 233L563 492 304 771C292 783 288 800 288 817 288 833 296 850 308 863 321 871 338 875 354 875 371 875 388 867 400 854L696 533Z\"><\/path><\/svg>\t\t\t\t\t<\/div>\n\t\t\t\t\n\t\t\t\t\t\t\t\t\t<\/div>\n\t\t\t\t\t\t<\/div>\n\t\t\t\t<\/div>\n\t\t\t\t<div class=\"elementor-element elementor-element-120d7fa elementor-widget elementor-widget-text-editor\" data-id=\"120d7fa\" data-element_type=\"widget\" data-e-type=\"widget\" data-widget_type=\"text-editor.default\">\n\t\t\t\t<div class=\"elementor-widget-container\">\n\t\t\t\t\t\t\t\t\t<p>En un ambiente de celebraci\u00f3n y gratitud, el evento reuni\u00f3 a distinguidos invitados, entre ellos el Embajador de Suiza en Colombia, Eric Mayoraz, miembros de la Junta Directiva, afiliados y aliados estrat\u00e9gicos. La noche estuvo llena de reflexiones sobre el impacto de SwissCham Colombia en la cooperaci\u00f3n bilateral, destacando su evoluci\u00f3n y su papel clave en la promoci\u00f3n de la inversi\u00f3n suiza en el pa\u00eds. Con un legado que se remonta a 1975, cuando un grupo de empresarios colombianos y suizos fund\u00f3 el C\u00edrculo Colombo Suizo, esta organizaci\u00f3n ha evolucionado significativamente. En 1985, adopt\u00f3 el nombre de C\u00e1mara de Comercio Colombo Suiza, y en 2024, se transform\u00f3 en SwissCham Colombia, consolidando su posici\u00f3n como puente entre las econom\u00edas suiza y colombiana. En esta celebraci\u00f3n, expresamos nuestro m\u00e1s sincero agradecimiento a la Embajada de Suiza en Colombia, a nuestra Junta Directiva y a todos los afiliados y aliados estrat\u00e9gicos que han sido parte esencial de este recorrido.<\/p><p>Su compromiso y apoyo son la base de esta historia de \u00e9xito y nos inspiran a seguir avanzando con renovado entusiasmo hacia un futuro lleno de oportunidades. La noche fue tambi\u00e9n un momento para proyectar hacia el futuro, con un enfoque m\u00e1s innovador, \u00e1gil y din\u00e1mico. Seguiremos conectando a las empresas y a los colombianos con nuevas oportunidades, reforzando el papel clave de las empresas suizas en Colombia en la generaci\u00f3n de innovaci\u00f3n, sostenibilidad y valor para el pa\u00eds. Este aniversario marca un hito significativo en la relaci\u00f3n entre Suiza y Colombia, destacando la s\u00f3lida presencia del sector privado suizo en el pa\u00eds. A medida que miramos hacia adelante, nos comprometemos a seguir fortaleciendo los lazos bilaterales, impulsando el comercio y la inversi\u00f3n, y promoviendo un futuro m\u00e1s pr\u00f3spero y sostenible para ambas naciones.<\/p>\t\t\t\t\t\t\t\t<\/div>\n\t\t\t\t<\/div>\n\t\t\t\t<div class=\"elementor-element elementor-element-de70292 elementor-widget elementor-widget-spacer\" data-id=\"de70292\" data-element_type=\"widget\" data-e-type=\"widget\" data-widget_type=\"spacer.default\">\n\t\t\t\t<div class=\"elementor-widget-container\">\n\t\t\t\t\t\t\t<div class=\"elementor-spacer\">\n\t\t\t<div class=\"elementor-spacer-inner\"><\/div>\n\t\t<\/div>\n\t\t\t\t\t\t<\/div>\n\t\t\t\t<\/div>\n\t\t\t\t<\/div>\n\t\t\t\t\t<\/div>\n\t\t\t\t<\/div>\n\t\t\t\t<\/div>\n\t\t","protected":false},"excerpt":{"rendered":"<p>Celebraci\u00f3n de los 50 a\u00f1os de SwissCham Colombia: un legado de cooperaci\u00f3n y crecimiento El pasado 26 de febrero, la [&hellip;]<\/p>\n","protected":false},"author":1,"featured_media":1002,"comment_status":"open","ping_status":"open","sticky":false,"template":"elementor_header_footer","format":"standard","meta":{"site-sidebar-layout":"default","site-content-layout":"","ast-site-content-layout":"default","site-content-style":"default","site-sidebar-style":"default","ast-global-header-display":"","ast-banner-title-visibility":"","ast-main-header-display":"","ast-hfb-above-header-display":"","ast-hfb-below-header-display":"","ast-hfb-mobile-header-display":"","site-post-title":"","ast-breadcrumbs-content":"","ast-featured-img":"","footer-sml-layout":"","ast-disable-related-posts":"","theme-transparent-header-meta":"","adv-header-id-meta":"","stick-header-meta":"","header-above-stick-meta":"","header-main-stick-meta":"","header-below-stick-meta":"","astra-migrate-meta-layouts":"default","ast-page-background-enabled":"default","ast-page-background-meta":{"desktop":{"background-color":"var(--ast-global-color-5)","background-image":"","background-repeat":"repeat","background-position":"center center","background-size":"auto","background-attachment":"scroll","background-type":"","background-media":"","overlay-type":"","overlay-color":"","overlay-opacity":"","overlay-gradient":""},"tablet":{"background-color":"","background-image":"","background-repeat":"repeat","background-position":"center center","background-size":"auto","background-attachment":"scroll","background-type":"","background-media":"","overlay-type":"","overlay-color":"","overlay-opacity":"","overlay-gradient":""},"mobile":{"background-color":"","background-image":"","background-repeat":"repeat","background-position":"center center","background-size":"auto","background-attachment":"scroll","background-type":"","background-media":"","overlay-type":"","overlay-color":"","overlay-opacity":"","overlay-gradient":""}},"ast-content-background-meta":{"desktop":{"background-color":"var(--ast-global-color-4)","background-image":"","background-repeat":"repeat","background-position":"center center","background-size":"auto","background-attachment":"scroll","background-type":"","background-media":"","overlay-type":"","overlay-color":"","overlay-opacity":"","overlay-gradient":""},"tablet":{"background-color":"var(--ast-global-color-4)","background-image":"","background-repeat":"repeat","background-position":"center center","background-size":"auto","background-attachment":"scroll","background-type":"","background-media":"","overlay-type":"","overlay-color":"","overlay-opacity":"","overlay-gradient":""},"mobile":{"background-color":"var(--ast-global-color-4)","background-image":"","background-repeat":"repeat","background-position":"center center","background-size":"auto","background-attachment":"scroll","background-type":"","background-media":"","overlay-type":"","overlay-color":"","overlay-opacity":"","overlay-gradient":""}},"footnotes":""},"categories":[14],"tags":[],"class_list":["post-1001","post","type-post","status-publish","format-standard","has-post-thumbnail","hentry","category-noticias"],"yoast_head":"<!-- This site is optimized with the Yoast SEO plugin v28.3 - https:\/\/yoast.com\/product\/yoast-seo-wordpress\/ -->\n<title>Celebraci\u00f3n de los 50 a\u00f1os - SwissCham Colombia<\/title>\n<meta name=\"description\" content=\"Durante cinco d\u00e9cadas, la C\u00e1mara ha sido un pilar fundamental en el fortalecimiento de las relaciones comerciales y empresariales entre Suiza y Colombia, fomentando la confianza,el crecimiento y la creaci\u00f3n de nuevas oportunidades de negocio.\" \/>\n<meta name=\"robots\" content=\"index, follow, max-snippet:-1, max-image-preview:large, max-video-preview:-1\" \/>\n<link rel=\"canonical\" href=\"https:\/\/swisschamcol.com\/celebracion-de-los-50-anos-de-swisscham-colombia\/\" \/>\n<meta property=\"og:locale\" content=\"es_ES\" \/>\n<meta property=\"og:type\" content=\"article\" \/>\n<meta property=\"og:title\" content=\"Celebraci\u00f3n de los 50 a\u00f1os - SwissCham Colombia\" \/>\n<meta property=\"og:description\" content=\"Durante cinco d\u00e9cadas, la C\u00e1mara ha sido un pilar fundamental en el fortalecimiento de las relaciones comerciales y empresariales entre Suiza y Colombia, fomentando la confianza,el crecimiento y la creaci\u00f3n de nuevas oportunidades de negocio.\" \/>\n<meta property=\"og:url\" content=\"https:\/\/swisschamcol.com\/celebracion-de-los-50-anos-de-swisscham-colombia\/\" \/>\n<meta property=\"og:site_name\" content=\"SwissCham Colombia\" \/>\n<meta property=\"article:published_time\" content=\"2025-05-08T01:31:18+00:00\" \/>\n<meta property=\"article:modified_time\" content=\"2025-05-10T20:46:33+00:00\" \/>\n<meta property=\"og:image\" content=\"https:\/\/swisschamcol.com\/wp-content\/uploads\/2025\/05\/BACK-COVER-Celebracion-SwissCham-COlombia.jpg\" \/>\n\t<meta property=\"og:image:width\" content=\"920\" \/>\n\t<meta property=\"og:image:height\" content=\"518\" \/>\n\t<meta property=\"og:image:type\" content=\"image\/jpeg\" \/>\n<meta name=\"author\" content=\"admin\" \/>\n<meta name=\"twitter:card\" content=\"summary_large_image\" \/>\n<meta name=\"twitter:label1\" content=\"Escrito por\" \/>\n\t<meta name=\"twitter:data1\" content=\"admin\" \/>\n\t<meta name=\"twitter:label2\" content=\"Tiempo de lectura\" \/>\n\t<meta name=\"twitter:data2\" content=\"4 minutos\" \/>\n<script type=\"application\/ld+json\" class=\"yoast-schema-graph\">{\"@context\":\"https:\\\/\\\/schema.org\",\"@graph\":[{\"@type\":\"Article\",\"@id\":\"https:\\\/\\\/swisschamcol.com\\\/celebracion-de-los-50-anos-de-swisscham-colombia\\\/#article\",\"isPartOf\":{\"@id\":\"https:\\\/\\\/swisschamcol.com\\\/celebracion-de-los-50-anos-de-swisscham-colombia\\\/\"},\"author\":{\"name\":\"admin\",\"@id\":\"https:\\\/\\\/swisschamcol.com\\\/#\\\/schema\\\/person\\\/0757f9d360ddae8f5db1840496d0eb74\"},\"headline\":\"Celebraci\u00f3n de los 50 a\u00f1os\",\"datePublished\":\"2025-05-08T01:31:18+00:00\",\"dateModified\":\"2025-05-10T20:46:33+00:00\",\"mainEntityOfPage\":{\"@id\":\"https:\\\/\\\/swisschamcol.com\\\/celebracion-de-los-50-anos-de-swisscham-colombia\\\/\"},\"wordCount\":404,\"commentCount\":0,\"publisher\":{\"@id\":\"https:\\\/\\\/swisschamcol.com\\\/#organization\"},\"image\":{\"@id\":\"https:\\\/\\\/swisschamcol.com\\\/celebracion-de-los-50-anos-de-swisscham-colombia\\\/#primaryimage\"},\"thumbnailUrl\":\"https:\\\/\\\/swisschamcol.com\\\/wp-content\\\/uploads\\\/2025\\\/05\\\/BACK-COVER-Celebracion-SwissCham-COlombia.jpg\",\"articleSection\":[\"Noticias\"],\"inLanguage\":\"es-CO\",\"potentialAction\":[{\"@type\":\"CommentAction\",\"name\":\"Comment\",\"target\":[\"https:\\\/\\\/swisschamcol.com\\\/celebracion-de-los-50-anos-de-swisscham-colombia\\\/#respond\"]}]},{\"@type\":\"WebPage\",\"@id\":\"https:\\\/\\\/swisschamcol.com\\\/celebracion-de-los-50-anos-de-swisscham-colombia\\\/\",\"url\":\"https:\\\/\\\/swisschamcol.com\\\/celebracion-de-los-50-anos-de-swisscham-colombia\\\/\",\"name\":\"Celebraci\u00f3n de los 50 a\u00f1os - SwissCham Colombia\",\"isPartOf\":{\"@id\":\"https:\\\/\\\/swisschamcol.com\\\/#website\"},\"primaryImageOfPage\":{\"@id\":\"https:\\\/\\\/swisschamcol.com\\\/celebracion-de-los-50-anos-de-swisscham-colombia\\\/#primaryimage\"},\"image\":{\"@id\":\"https:\\\/\\\/swisschamcol.com\\\/celebracion-de-los-50-anos-de-swisscham-colombia\\\/#primaryimage\"},\"thumbnailUrl\":\"https:\\\/\\\/swisschamcol.com\\\/wp-content\\\/uploads\\\/2025\\\/05\\\/BACK-COVER-Celebracion-SwissCham-COlombia.jpg\",\"datePublished\":\"2025-05-08T01:31:18+00:00\",\"dateModified\":\"2025-05-10T20:46:33+00:00\",\"description\":\"Durante cinco d\u00e9cadas, la C\u00e1mara ha sido un pilar fundamental en el fortalecimiento de las relaciones comerciales y empresariales entre Suiza y Colombia, fomentando la confianza,el crecimiento y la creaci\u00f3n de nuevas oportunidades de negocio.\",\"breadcrumb\":{\"@id\":\"https:\\\/\\\/swisschamcol.com\\\/celebracion-de-los-50-anos-de-swisscham-colombia\\\/#breadcrumb\"},\"inLanguage\":\"es-CO\",\"potentialAction\":[{\"@type\":\"ReadAction\",\"target\":[\"https:\\\/\\\/swisschamcol.com\\\/celebracion-de-los-50-anos-de-swisscham-colombia\\\/\"]}]},{\"@type\":\"ImageObject\",\"inLanguage\":\"es-CO\",\"@id\":\"https:\\\/\\\/swisschamcol.com\\\/celebracion-de-los-50-anos-de-swisscham-colombia\\\/#primaryimage\",\"url\":\"https:\\\/\\\/swisschamcol.com\\\/wp-content\\\/uploads\\\/2025\\\/05\\\/BACK-COVER-Celebracion-SwissCham-COlombia.jpg\",\"contentUrl\":\"https:\\\/\\\/swisschamcol.com\\\/wp-content\\\/uploads\\\/2025\\\/05\\\/BACK-COVER-Celebracion-SwissCham-COlombia.jpg\",\"width\":920,\"height\":518},{\"@type\":\"BreadcrumbList\",\"@id\":\"https:\\\/\\\/swisschamcol.com\\\/celebracion-de-los-50-anos-de-swisscham-colombia\\\/#breadcrumb\",\"itemListElement\":[{\"@type\":\"ListItem\",\"position\":1,\"name\":\"Inicio\",\"item\":\"https:\\\/\\\/swisschamcol.com\\\/\"},{\"@type\":\"ListItem\",\"position\":2,\"name\":\"Celebraci\u00f3n de los 50 a\u00f1os\"}]},{\"@type\":\"WebSite\",\"@id\":\"https:\\\/\\\/swisschamcol.com\\\/#website\",\"url\":\"https:\\\/\\\/swisschamcol.com\\\/\",\"name\":\"SwissCham Colombia\",\"description\":\"Suiza y Colombia\",\"publisher\":{\"@id\":\"https:\\\/\\\/swisschamcol.com\\\/#organization\"},\"potentialAction\":[{\"@type\":\"SearchAction\",\"target\":{\"@type\":\"EntryPoint\",\"urlTemplate\":\"https:\\\/\\\/swisschamcol.com\\\/?s={search_term_string}\"},\"query-input\":{\"@type\":\"PropertyValueSpecification\",\"valueRequired\":true,\"valueName\":\"search_term_string\"}}],\"inLanguage\":\"es-CO\"},{\"@type\":\"Organization\",\"@id\":\"https:\\\/\\\/swisschamcol.com\\\/#organization\",\"name\":\"SwissCham Colombia\",\"url\":\"https:\\\/\\\/swisschamcol.com\\\/\",\"logo\":{\"@type\":\"ImageObject\",\"inLanguage\":\"es-CO\",\"@id\":\"https:\\\/\\\/swisschamcol.com\\\/#\\\/schema\\\/logo\\\/image\\\/\",\"url\":\"https:\\\/\\\/swisschamcol.com\\\/wp-content\\\/uploads\\\/2025\\\/04\\\/Logo-SwissCham-Colombia.webp\",\"contentUrl\":\"https:\\\/\\\/swisschamcol.com\\\/wp-content\\\/uploads\\\/2025\\\/04\\\/Logo-SwissCham-Colombia.webp\",\"width\":444,\"height\":129,\"caption\":\"SwissCham Colombia\"},\"image\":{\"@id\":\"https:\\\/\\\/swisschamcol.com\\\/#\\\/schema\\\/logo\\\/image\\\/\"}},{\"@type\":\"Person\",\"@id\":\"https:\\\/\\\/swisschamcol.com\\\/#\\\/schema\\\/person\\\/0757f9d360ddae8f5db1840496d0eb74\",\"name\":\"admin\",\"image\":{\"@type\":\"ImageObject\",\"inLanguage\":\"es-CO\",\"@id\":\"https:\\\/\\\/secure.gravatar.com\\\/avatar\\\/8f5a67ea9427c5d7a47ff1238c0d65dc11912d14ccdcfee60fd90fc472a55984?s=96&d=mm&r=g\",\"url\":\"https:\\\/\\\/secure.gravatar.com\\\/avatar\\\/8f5a67ea9427c5d7a47ff1238c0d65dc11912d14ccdcfee60fd90fc472a55984?s=96&d=mm&r=g\",\"contentUrl\":\"https:\\\/\\\/secure.gravatar.com\\\/avatar\\\/8f5a67ea9427c5d7a47ff1238c0d65dc11912d14ccdcfee60fd90fc472a55984?s=96&d=mm&r=g\",\"caption\":\"admin\"},\"sameAs\":[\"https:\\\/\\\/swisschamcol.com\"],\"url\":\"https:\\\/\\\/swisschamcol.com\\\/author\\\/admin_amwo\\\/\"}]}<\/script>\n<!-- \/ Yoast SEO plugin. -->","yoast_head_json":{"title":"Celebraci\u00f3n de los 50 a\u00f1os - SwissCham Colombia","description":"Durante cinco d\u00e9cadas, la C\u00e1mara ha sido un pilar fundamental en el fortalecimiento de las relaciones comerciales y empresariales entre Suiza y Colombia, fomentando la confianza,el crecimiento y la creaci\u00f3n de nuevas oportunidades de negocio.","robots":{"index":"index","follow":"follow","max-snippet":"max-snippet:-1","max-image-preview":"max-image-preview:large","max-video-preview":"max-video-preview:-1"},"canonical":"https:\/\/swisschamcol.com\/celebracion-de-los-50-anos-de-swisscham-colombia\/","og_locale":"es_ES","og_type":"article","og_title":"Celebraci\u00f3n de los 50 a\u00f1os - SwissCham Colombia","og_description":"Durante cinco d\u00e9cadas, la C\u00e1mara ha sido un pilar fundamental en el fortalecimiento de las relaciones comerciales y empresariales entre Suiza y Colombia, fomentando la confianza,el crecimiento y la creaci\u00f3n de nuevas oportunidades de negocio.","og_url":"https:\/\/swisschamcol.com\/celebracion-de-los-50-anos-de-swisscham-colombia\/","og_site_name":"SwissCham Colombia","article_published_time":"2025-05-08T01:31:18+00:00","article_modified_time":"2025-05-10T20:46:33+00:00","og_image":[{"width":920,"height":518,"url":"https:\/\/swisschamcol.com\/wp-content\/uploads\/2025\/05\/BACK-COVER-Celebracion-SwissCham-COlombia.jpg","type":"image\/jpeg"}],"author":"admin","twitter_card":"summary_large_image","twitter_misc":{"Escrito por":"admin","Tiempo de lectura":"4 minutos"},"schema":{"@context":"https:\/\/schema.org","@graph":[{"@type":"Article","@id":"https:\/\/swisschamcol.com\/celebracion-de-los-50-anos-de-swisscham-colombia\/#article","isPartOf":{"@id":"https:\/\/swisschamcol.com\/celebracion-de-los-50-anos-de-swisscham-colombia\/"},"author":{"name":"admin","@id":"https:\/\/swisschamcol.com\/#\/schema\/person\/0757f9d360ddae8f5db1840496d0eb74"},"headline":"Celebraci\u00f3n de los 50 a\u00f1os","datePublished":"2025-05-08T01:31:18+00:00","dateModified":"2025-05-10T20:46:33+00:00","mainEntityOfPage":{"@id":"https:\/\/swisschamcol.com\/celebracion-de-los-50-anos-de-swisscham-colombia\/"},"wordCount":404,"commentCount":0,"publisher":{"@id":"https:\/\/swisschamcol.com\/#organization"},"image":{"@id":"https:\/\/swisschamcol.com\/celebracion-de-los-50-anos-de-swisscham-colombia\/#primaryimage"},"thumbnailUrl":"https:\/\/swisschamcol.com\/wp-content\/uploads\/2025\/05\/BACK-COVER-Celebracion-SwissCham-COlombia.jpg","articleSection":["Noticias"],"inLanguage":"es-CO","potentialAction":[{"@type":"CommentAction","name":"Comment","target":["https:\/\/swisschamcol.com\/celebracion-de-los-50-anos-de-swisscham-colombia\/#respond"]}]},{"@type":"WebPage","@id":"https:\/\/swisschamcol.com\/celebracion-de-los-50-anos-de-swisscham-colombia\/","url":"https:\/\/swisschamcol.com\/celebracion-de-los-50-anos-de-swisscham-colombia\/","name":"Celebraci\u00f3n de los 50 a\u00f1os - SwissCham Colombia","isPartOf":{"@id":"https:\/\/swisschamcol.com\/#website"},"primaryImageOfPage":{"@id":"https:\/\/swisschamcol.com\/celebracion-de-los-50-anos-de-swisscham-colombia\/#primaryimage"},"image":{"@id":"https:\/\/swisschamcol.com\/celebracion-de-los-50-anos-de-swisscham-colombia\/#primaryimage"},"thumbnailUrl":"https:\/\/swisschamcol.com\/wp-content\/uploads\/2025\/05\/BACK-COVER-Celebracion-SwissCham-COlombia.jpg","datePublished":"2025-05-08T01:31:18+00:00","dateModified":"2025-05-10T20:46:33+00:00","description":"Durante cinco d\u00e9cadas, la C\u00e1mara ha sido un pilar fundamental en el fortalecimiento de las relaciones comerciales y empresariales entre Suiza y Colombia, fomentando la confianza,el crecimiento y la creaci\u00f3n de nuevas oportunidades de negocio.","breadcrumb":{"@id":"https:\/\/swisschamcol.com\/celebracion-de-los-50-anos-de-swisscham-colombia\/#breadcrumb"},"inLanguage":"es-CO","potentialAction":[{"@type":"ReadAction","target":["https:\/\/swisschamcol.com\/celebracion-de-los-50-anos-de-swisscham-colombia\/"]}]},{"@type":"ImageObject","inLanguage":"es-CO","@id":"https:\/\/swisschamcol.com\/celebracion-de-los-50-anos-de-swisscham-colombia\/#primaryimage","url":"https:\/\/swisschamcol.com\/wp-content\/uploads\/2025\/05\/BACK-COVER-Celebracion-SwissCham-COlombia.jpg","contentUrl":"https:\/\/swisschamcol.com\/wp-content\/uploads\/2025\/05\/BACK-COVER-Celebracion-SwissCham-COlombia.jpg","width":920,"height":518},{"@type":"BreadcrumbList","@id":"https:\/\/swisschamcol.com\/celebracion-de-los-50-anos-de-swisscham-colombia\/#breadcrumb","itemListElement":[{"@type":"ListItem","position":1,"name":"Inicio","item":"https:\/\/swisschamcol.com\/"},{"@type":"ListItem","position":2,"name":"Celebraci\u00f3n de los 50 a\u00f1os"}]},{"@type":"WebSite","@id":"https:\/\/swisschamcol.com\/#website","url":"https:\/\/swisschamcol.com\/","name":"SwissCham Colombia","description":"Suiza y Colombia","publisher":{"@id":"https:\/\/swisschamcol.com\/#organization"},"potentialAction":[{"@type":"SearchAction","target":{"@type":"EntryPoint","urlTemplate":"https:\/\/swisschamcol.com\/?s={search_term_string}"},"query-input":{"@type":"PropertyValueSpecification","valueRequired":true,"valueName":"search_term_string"}}],"inLanguage":"es-CO"},{"@type":"Organization","@id":"https:\/\/swisschamcol.com\/#organization","name":"SwissCham Colombia","url":"https:\/\/swisschamcol.com\/","logo":{"@type":"ImageObject","inLanguage":"es-CO","@id":"https:\/\/swisschamcol.com\/#\/schema\/logo\/image\/","url":"https:\/\/swisschamcol.com\/wp-content\/uploads\/2025\/04\/Logo-SwissCham-Colombia.webp","contentUrl":"https:\/\/swisschamcol.com\/wp-content\/uploads\/2025\/04\/Logo-SwissCham-Colombia.webp","width":444,"height":129,"caption":"SwissCham Colombia"},"image":{"@id":"https:\/\/swisschamcol.com\/#\/schema\/logo\/image\/"}},{"@type":"Person","@id":"https:\/\/swisschamcol.com\/#\/schema\/person\/0757f9d360ddae8f5db1840496d0eb74","name":"admin","image":{"@type":"ImageObject","inLanguage":"es-CO","@id":"https:\/\/secure.gravatar.com\/avatar\/8f5a67ea9427c5d7a47ff1238c0d65dc11912d14ccdcfee60fd90fc472a55984?s=96&d=mm&r=g","url":"https:\/\/secure.gravatar.com\/avatar\/8f5a67ea9427c5d7a47ff1238c0d65dc11912d14ccdcfee60fd90fc472a55984?s=96&d=mm&r=g","contentUrl":"https:\/\/secure.gravatar.com\/avatar\/8f5a67ea9427c5d7a47ff1238c0d65dc11912d14ccdcfee60fd90fc472a55984?s=96&d=mm&r=g","caption":"admin"},"sameAs":["https:\/\/swisschamcol.com"],"url":"https:\/\/swisschamcol.com\/author\/admin_amwo\/"}]}},"_links":{"self":[{"href":"https:\/\/swisschamcol.com\/wp-json\/wp\/v2\/posts\/1001","targetHints":{"allow":["GET"]}}],"collection":[{"href":"https:\/\/swisschamcol.com\/wp-json\/wp\/v2\/posts"}],"about":[{"href":"https:\/\/swisschamcol.com\/wp-json\/wp\/v2\/types\/post"}],"author":[{"embeddable":true,"href":"https:\/\/swisschamcol.com\/wp-json\/wp\/v2\/users\/1"}],"replies":[{"embeddable":true,"href":"https:\/\/swisschamcol.com\/wp-json\/wp\/v2\/comments?post=1001"}],"version-history":[{"count":8,"href":"https:\/\/swisschamcol.com\/wp-json\/wp\/v2\/posts\/1001\/revisions"}],"predecessor-version":[{"id":1494,"href":"https:\/\/swisschamcol.com\/wp-json\/wp\/v2\/posts\/1001\/revisions\/1494"}],"wp:featuredmedia":[{"embeddable":true,"href":"https:\/\/swisschamcol.com\/wp-json\/wp\/v2\/media\/1002"}],"wp:attachment":[{"href":"https:\/\/swisschamcol.com\/wp-json\/wp\/v2\/media?parent=1001"}],"wp:term":[{"taxonomy":"category","embeddable":true,"href":"https:\/\/swisschamcol.com\/wp-json\/wp\/v2\/categories?post=1001"},{"taxonomy":"post_tag","embeddable":true,"href":"https:\/\/swisschamcol.com\/wp-json\/wp\/v2\/tags?post=1001"}],"curies":[{"name":"wp","href":"https:\/\/api.w.org\/{rel}","templated":true}]}}